{"id":454,"date":"2019-10-07T12:14:02","date_gmt":"2019-10-07T10:14:02","guid":{"rendered":"https:\/\/plansolaire.loos-en-gohelle.fr\/site\/?p=454"},"modified":"2019-10-07T12:26:48","modified_gmt":"2019-10-07T10:26:48","slug":"comite-citoyen-du-03-octobre-2019","status":"publish","type":"post","link":"https:\/\/plansolaire.loos-en-gohelle.fr\/site\/2019\/10\/07\/comite-citoyen-du-03-octobre-2019\/","title":{"rendered":"Comit\u00e9 Citoyen du 03 octobre 2019"},"content":{"rendered":"\n<p>Les citoyens engag\u00e9s dans le Plan Solaire se sont r\u00e9unis en Mairie de Loos-en-Gohelle le jeudi 09 octobre.<\/p>\n\n\n\n<p>Cette soir\u00e9e a notamment permis \u00e0 R\u00e9mi Parmentier, conseiller Info Energie du territoire de pr\u00e9senter l&rsquo;Espace Info Energie et les possibles interactions entre les acteurs du Plan Solaire et les conseillers Info Energie.<\/p>\n\n\n\n<p>Un point sur les derni\u00e8res avanc\u00e9es du projet a \u00e9galement \u00e9t\u00e9 r\u00e9alis\u00e9, notamment la cr\u00e9ation de la SAS Mine de Soleil avec l&rsquo;obtention du K-BIS en septembre et le lancement des travaux. Les premiers panneaux sont en cours d&rsquo;installation sur la toiture du centre technique municipal. Seront ensuite \u00e9quip\u00e9s l&rsquo;\u00e9cole Ovide Leroy, la halle Salengro, la salle Varet, puis l&rsquo;\u00e9cole Basly, l&rsquo;\u00e9cole Lamendin et l&rsquo;Espace de Vie Sociale.<\/p>\n\n\n\n<p>Enfin, les citoyens ont pu \u00e9crire les lignes du plan de communication pour les mois \u00e0 venir : participation au selon Cap Eco Transition \u00e0 Lievin le 15 octobre et \u00e0 Faites In Loos les 6 et 7 d\u00e9cembre, organisation d&rsquo;un cin\u00e9-d\u00e9bat, mais \u00e9galement la participation sur les r\u00e9seaux sociaux par exemple.<\/p>\n\n\n\n<p>Une soir\u00e9e riche en \u00e9changes ! <\/p>\n\n\n\n<div class=\"wp-block-file\"><a href=\"https:\/\/plansolaire.loos-en-gohelle.fr\/site\/wp-content\/uploads\/2019\/10\/pr\u00e9sentation-EIE-LEG.pdf\">pr\u00e9sentation  Espace Info Energie<\/a><a href=\"https:\/\/plansolaire.loos-en-gohelle.fr\/site\/wp-content\/uploads\/2019\/10\/pr\u00e9sentation-EIE-LEG.pdf\" class=\"wp-block-file__button\" download>T\u00e9l\u00e9charger<\/a><\/div>\n\n\n\n<div class=\"wp-block-file\"><a href=\"https:\/\/plansolaire.loos-en-gohelle.fr\/site\/wp-content\/uploads\/2019\/10\/9.CR-re\u0301union-comite\u0301-citoyen-Loos-03102019.pdf\">compte-rendu de r\u00e9union<\/a><a href=\"https:\/\/plansolaire.loos-en-gohelle.fr\/site\/wp-content\/uploads\/2019\/10\/9.CR-re\u0301union-comite\u0301-citoyen-Loos-03102019.pdf\" class=\"wp-block-file__button\" download>T\u00e9l\u00e9charger<\/a><\/div>\n","protected":false},"excerpt":{"rendered":"<p>Les citoyens engag\u00e9s dans le Plan Solaire se sont r\u00e9unis en Mairie de Loos-en-Gohelle le jeudi 09 octobre. Cette soir\u00e9e a notamment permis \u00e0 R\u00e9mi Parmentier, conseiller Info Energie du territoire de pr\u00e9senter l&rsquo;Espace Info Energie et les possibles interactions entre les acteurs du Plan Solaire et les conseillers Info Energie. Un point sur les &hellip; <a href=\"https:\/\/plansolaire.loos-en-gohelle.fr\/site\/2019\/10\/07\/comite-citoyen-du-03-octobre-2019\/\" class=\"more-link\">Continuer la lecture<span class=\"screen-reader-text\"> de &laquo;&nbsp;Comit\u00e9 Citoyen du 03 octobre 2019&nbsp;&raquo;<\/span><\/a><\/p>\n","protected":false},"author":3,"featured_media":0,"comment_status":"closed","ping_status":"open","sticky":false,"template":"","format":"standard","meta":{"footnotes":""},"categories":[13],"tags":[],"class_list":["post-454","post","type-post","status-publish","format-standard","hentry","category-comptes-rendus-des-comites-citoyen"],"_links":{"self":[{"href":"https:\/\/plansolaire.loos-en-gohelle.fr\/site\/wp-json\/wp\/v2\/posts\/454","targetHints":{"allow":["GET"]}}],"collection":[{"href":"https:\/\/plansolaire.loos-en-gohelle.fr\/site\/wp-json\/wp\/v2\/posts"}],"about":[{"href":"https:\/\/plansolaire.loos-en-gohelle.fr\/site\/wp-json\/wp\/v2\/types\/post"}],"author":[{"embeddable":true,"href":"https:\/\/plansolaire.loos-en-gohelle.fr\/site\/wp-json\/wp\/v2\/users\/3"}],"replies":[{"embeddable":true,"href":"https:\/\/plansolaire.loos-en-gohelle.fr\/site\/wp-json\/wp\/v2\/comments?post=454"}],"version-history":[{"count":1,"href":"https:\/\/plansolaire.loos-en-gohelle.fr\/site\/wp-json\/wp\/v2\/posts\/454\/revisions"}],"predecessor-version":[{"id":457,"href":"https:\/\/plansolaire.loos-en-gohelle.fr\/site\/wp-json\/wp\/v2\/posts\/454\/revisions\/457"}],"wp:attachment":[{"href":"https:\/\/plansolaire.loos-en-gohelle.fr\/site\/wp-json\/wp\/v2\/media?parent=454"}],"wp:term":[{"taxonomy":"category","embeddable":true,"href":"https:\/\/plansolaire.loos-en-gohelle.fr\/site\/wp-json\/wp\/v2\/categories?post=454"},{"taxonomy":"post_tag","embeddable":true,"href":"https:\/\/plansolaire.loos-en-gohelle.fr\/site\/wp-json\/wp\/v2\/tags?post=454"}],"curies":[{"name":"wp","href":"https:\/\/api.w.org\/{rel}","templated":true}]}}