{"id":321,"date":"2018-10-25T16:34:32","date_gmt":"2018-10-25T14:34:32","guid":{"rendered":"https:\/\/plansolaire.loos-en-gohelle.fr\/site\/?p=321"},"modified":"2019-04-29T18:07:08","modified_gmt":"2019-04-29T16:07:08","slug":"compte-rendu-de-la-reunion-du-3-octobre-2018","status":"publish","type":"post","link":"https:\/\/plansolaire.loos-en-gohelle.fr\/site\/2018\/10\/25\/compte-rendu-de-la-reunion-du-3-octobre-2018\/","title":{"rendered":"Compte-rendu de la r\u00e9union du 3 octobre 2018"},"content":{"rendered":"\n<p><strong>Pr\u00e9sents : <\/strong>DESBOURSES\nJo\u00ebl, CAVACO Manuella, SAINTIVE David, MATHE Jean-Luc, HOFFMANN Patricia,\nCZAIKOWSKI Bernard, OPATRNY Richard, DUVAUCHELLE Paul, Francis MARECHAL (Ville\nde Loos-en-Gohelle) &#8211; NYSZAK Lucas (Ville de Loos-en-Gohelle) &#8211; Audrey JUMEAUX\n(EnergETHIC)<\/p>\n\n\n\n<p><strong>Excus\u00e9s : <\/strong>Marie-Fran\u00e7oise TEN \u2013 Pierre\nDAMAGEUX \u2013 Freddy ZIMMER \u2013 WARGNIES Rapha\u00ebl \u2013 DEWEZ Roger \u2013 ZARABSKI Monique<\/p>\n\n\n\n<p><strong>D\u00e9marrage<\/strong><\/p>\n\n\n\n<p>Accueil\ndu groupe par Francis Mar\u00e9chal, adjoint aux travaux de la commune<\/p>\n\n\n\n<p>Remerciements\ndu comit\u00e9 citoyen pour l\u2019invitation<\/p>\n\n\n\n<p>Pr\u00e9sentation\nde Lucas NYSZAK, le nouveau charg\u00e9 de mission Transition \u00e9nerg\u00e9tique &amp;\nD\u00e9veloppement Durable, en charge notamment du plan solaire<\/p>\n\n\n\n<p>Pr\u00e9sentation de l\u2019ordre du\njour par EnergETHIC :<\/p>\n\n\n\n<ul class=\"wp-block-list\"><li>Temps de questions\/r\u00e9ponses entre le comit\u00e9 citoyen et\nFrancis Mar\u00e9chal<\/li><li>Candidature citoyenne pour la commission concession<\/li><li>Info sur le blog<\/li><\/ul>\n\n\n\n<p><strong>Questions- R\u00e9ponses \u00e0 Francis Mar\u00e9chal<\/strong><\/p>\n\n\n\n<p>Les citoyens\nsont invit\u00e9s \u00e0 r\u00e9diger leurs questions sur un post-it. Les post-it sont tri\u00e9s\npar th\u00e9matique, les questions sont pos\u00e9es par EnergETHIC \u00e0 Francis Mar\u00e9chal\n(FM).<\/p>\n\n\n\n<p><strong>O\u00f9 en sommes-nous dans le projet ? Quelles\nsont les diff\u00e9rentes \u00e9tapes ?<\/strong><\/p>\n\n\n\n<p><strong>FM : <\/strong>le projet s\u2019inscrit dans\nle cadre de\u00a0 la\u00a0 d\u00e9marche\u00a0 TEPOS\u00a0\n(Territoire\u00a0 \u00e0\u00a0 Energie\u00a0 Positive) qui a pour objectif \u00e0 long terme de produire en\n\u00e9nergies renouvelables (\u00e9lectricit\u00e9) autant que ce que l\u2019on consomme. Des\npanneaux solaires ont d\u00e9j\u00e0 \u00e9t\u00e9 install\u00e9s sur le toit\u00a0 de l\u2019\u00e9glise ou chez certains habitants. Aujourd\u2019hui, il\ns\u2019agit de massifier, changer d\u2019\u00e9chelle en g\u00e9n\u00e9ralisant le solaire sur les\nb\u00e2timents publics et se tourner \u00e0 terme vers le priv\u00e9, via\u00a0 un m\u00e9canisme d\u2019investissement public-priv\u00e9.<\/p>\n\n\n\n<p>Les objectifs du plan solaire sont :<\/p>\n\n\n\n<ul class=\"wp-block-list\"><li>L\u2019installation\nde panneaux photovolta\u00efques pour produire de l\u2019\u00e9lectricit\u00e9 et la revendre, sur\n4 ou 8 b\u00e2timents communaux, selon l\u2019offre qui sera retenue \u00e0 l\u2019issue de la proc\u00e9dure de mise en\nconcurrence, puis plus tard sur des toitures\npriv\u00e9es.<\/li><li>Un\nprojet participatif auquel les habitants sont invit\u00e9s \u00e0 participer autant dans\nsa construction que dans son financement.<\/li><li>L\u2019investissement\ncollectif dans la cr\u00e9ation d\u2019une soci\u00e9t\u00e9 r\u00e9unissant des financements public-priv\u00e9 (commune, citoyens, actionnaires,\nassociations, Cigales)<\/li><\/ul>\n\n\n\n<p>\u00a0\u00a0\u00a0\u00a0\u00a0\u00a0\u00a0\u00a0\u00a0 La\ncommune a commenc\u00e9 \u00e0 travailler sur le plan solaire participatif depuis plusieurs<\/p>\n\n\n\n<p>mois\/ann\u00e9es, notamment avec\nl\u2019aide de 3 AMO (assistants \u00e0 maitrise d\u2019ouvrage) :<\/p>\n\n\n\n<ul class=\"wp-block-list\"><li>Le bureau d\u2019\u00e9tude Coh\u00e9rence Energies pour la partie\ntechnique et le mod\u00e8le \u00e9conomique<\/li><li>Le bureau d\u2019\u00e9tude Espelia pour le montage juridique et administratif<\/li><li>L\u2019association EnergETHIC pour veiller \u00e0 l\u2019implication\ndes citoyens.<\/li><\/ul>\n\n\n\n<p>Un inventaire des toitures publiques a \u00e9t\u00e9 r\u00e9alis\u00e9 par le\ncabinet Coh\u00e9rences Energies avec une \u00e9valuation pour lister les b\u00e2timents\nexploitables. R\u00e9sultat : 8 toitures de b\u00e2timents communaux seraient\nexploitables pour l\u2019installation des panneaux solaires et des travaux pour\nr\u00e9nover ou renforcer les toitures.<\/p>\n\n\n\n<p>La Ville a lanc\u00e9 un avis de concession pour associer un\nop\u00e9rateur priv\u00e9 qui sera charg\u00e9 d\u2019investir, installer les panneaux et les exploiter\nen mettant en place une soci\u00e9t\u00e9 tripartite (investisseur priv\u00e9, commune,\nhabitants). La ville conc\u00e8de l\u2019usage de ses toitures \u00e0 un op\u00e9rateur priv\u00e9\ncharg\u00e9 de cr\u00e9er une soci\u00e9t\u00e9 tripartite (op\u00e9rateur priv\u00e9, commune, citoyens) qui\ninstallera des panneaux photovolta\u00efques et produira de l\u2019\u00e9lectricit\u00e9.<\/p>\n\n\n\n<p>Dur\u00e9e du contrat : 30 ans.<\/p>\n\n\n\n<p>Co\u00fbt pr\u00e9visionnel d\u2019investissement pour l\u2019installation de\npanneaux solaires sur 8 toitures : 450 000\u20ac environ (\u00e0 affiner par les\ncandidats en fonction de leurs propositions techniques).<\/p>\n\n\n\n<p>Des candidatures ont \u00e9t\u00e9 re\u00e7ues suite \u00e0 l\u2019avis de concession\nlanc\u00e9 cet \u00e9t\u00e9. L\u2019identit\u00e9 des candidats n\u2019est pas encore connue, elle le sera\nsuite \u00e0 la commission concession N\u00b01 (mi- octobre). C\u2019est \u00e0 ces candidats que\nle cahier des charges (DCE : dossier de consultation des entreprises) sera envoy\u00e9. C\u2019est une proc\u00e9dure d\u2019appel\nd\u2019offres un peu sp\u00e9ciale o\u00f9 l\u2019offre d\u00e9finitive du candidat n\u2019est remise\nqu\u2019apr\u00e8s une p\u00e9riode de n\u00e9gociation. Une premi\u00e8re offre sera rendue fin\nnovembre (analyse par la commission mi-d\u00e9cembre), s\u2019en suivront les\nn\u00e9gociations jusqu\u2019\u00e0 d\u00e9but f\u00e9vrier. Les offres d\u00e9finitives seront donc rendues\nmi-f\u00e9vrier 2019. Le choix du concessionnaire sera d\u00e9cid\u00e9 fin f\u00e9vrier pour une\nsignature du contrat de concession avec le concessionnaire fin mars. A partir\nde l\u00e0, le concessionnaire devra mettre en place une soci\u00e9t\u00e9 pour porter le projet.<\/p>\n\n\n\n<p>Les crit\u00e8res retenus pour\nl\u2019appel d\u2019offres sont les suivants :<\/p>\n\n\n\n<ul class=\"wp-block-list\"><li>40% pour la partie technique<\/li><li>30% pour le volet financier<\/li><li>30% pour la participation de la collectivit\u00e9 et des citoyens (c\u2019est donc un crit\u00e8re important !)<br\/><\/li><\/ul>\n\n\n\n<p>Les r\u00e8gles concernant la composition de la commission concession sont\ntr\u00e8s strictes mais la ville a \u00e0 c\u0153ur d\u2019impliquer les citoyens, aussi elle\nsouhaiterait qu\u2019un repr\u00e9sentant des citoyens en plus d\u2019EnergETHIC y participe.<\/p>\n\n\n\n<p><strong>Un dossier complet d\u2019informations \u00e0 destination du comit\u00e9\ncitoyen a \u00e9t\u00e9 \u00e9voqu\u00e9 : sous quels d\u00e9lais et quel contenu ?<\/strong><\/p>\n\n\n\n<p><strong>FM : <\/strong>Il est en cours de r\u00e9daction. On\nva essayer de vous transmettre \u00e7a dans les meilleurs d\u00e9lais. Quel contenu\nsouhaitez-vous ?<\/p>\n\n\n\n<p><strong>Citoyens <\/strong>: historique du\nprojet, le choix des toitures (quelques param\u00e8tres techniques), portage\njuridique (choix d\u2019une concession, fonctionnement&#8230;), infos financi\u00e8res\n(investissement global&#8230;), lieux et coordonn\u00e9es o\u00f9 trouver de l\u2019information\nsur le solaire (Lumiwatts, Espace Info Energie&#8230;)<\/p>\n\n\n\n<p><strong>Quelle ambition sur le solaire non communal (priv\u00e9) ? A\nquelle date et sous\u00a0 quelle\u00a0 forme\n?<\/strong><\/p>\n\n\n\n<p>FM : cela a \u00e9t\u00e9 \u00e9voqu\u00e9 dans l\u2019appel d\u2019offres, mais pour le moment, il\ns\u2019agit de r\u00e9ussir \u00e0 mettre en place le projet sur les toitures publiques. Le\nmod\u00e8le pourra ensuite \u00eatre r\u00e9pliqu\u00e9 sur des toitures priv\u00e9es. Cependant, si les\ncitoyens souhaitent un d\u00e9veloppement plus rapide, libre \u00e0 eux de mettre en\nplace leur propre soci\u00e9t\u00e9 et de monter un projet citoyen, comme des citoyens le\nfont partout en France (ex : centrales villageoises dans le Sud ou dans notre\nd\u00e9partement : la SCIC Energie Citoyenne et la SAS Capsol).<\/p>\n\n\n\n<p>La forme restera \u00e0 d\u00e9terminer\n: location de toiture ou mise \u00e0 disposition gratuite, cession<\/p>\n\n\n\n<p>possible de l\u2019installation au\npropri\u00e9taire apr\u00e8s une certaine dur\u00e9e&#8230;<\/p>\n\n\n\n<p><strong>Comit\u00e9 de pilotage puis comit\u00e9 citoyen : pourquoi ce\nchangement de nom ? Quels sont les r\u00f4les et missions de chaque entit\u00e9 ?<\/strong><\/p>\n\n\n\n<p>\u00ab COPIL citoyen \u00bb : c\u2019\u00e9tait une erreur d\u2019appellation. Le COPIL est\ncompos\u00e9 de la mairie (\u00e9lus, techniciens, AMO : les citoyens sont repr\u00e9sent\u00e9s\nvia EnergETHIC), c\u2019est lui qui prend les d\u00e9cisions. C\u2019est une instance\ndiff\u00e9rente du comit\u00e9 citoyen.<\/p>\n\n\n\n<p>Le r\u00f4le de ce comit\u00e9 citoyen :<\/p>\n\n\n\n<ul class=\"wp-block-list\"><li>S\u2019acculturer au projet : connaissance, mont\u00e9e en comp\u00e9tence via des formations, visites de terrain, rencontres<\/li><li>Co-construire le projet : participation \u00e0 la commission concession qui analysera les offres des candidats \u00e0 la concession et aux n\u00e9gociations, se positionner sur le portage juridique en fonction des offres des candidats (l\u2019implication des citoyens peut se faire directement dans la future soci\u00e9t\u00e9 cr\u00e9\u00e9e, ou indirectement. Dans ce cas, les citoyens auront \u00e0 s\u2019organiser collectivement pour cr\u00e9er un v\u00e9hicule juridique propre comme une soci\u00e9t\u00e9 ou des clubs d\u2019investisseurs.<\/li><li>Conduire la collecte d\u2019\u00e9pargne citoyenne via la mise en place d\u2019actions de communication, de sensibilisation<\/li><\/ul>\n\n\n\n<p>La collectivit\u00e9 a souhait\u00e9 impliquer les citoyens dans la commission\nconcession et les n\u00e9gociations, mais cela reste un exercice complexe puisqu\u2019il\nfaut respecter les r\u00e8gles des march\u00e9s publics ainsi que le secret des affaires\nsous risque de poursuites judiciaires et annulation de la proc\u00e9dure.<\/p>\n\n\n\n<p><strong>Pourquoi une concession (appel d\u2019offres) ? Pourquoi pas\nun portage citoyen ?<\/strong><\/p>\n\n\n\n<p>Trois raisons principales :<\/p>\n\n\n\n<ul class=\"wp-block-list\"><li>L\u00e9galement, la commune n\u2019a pas le droit d\u2019\u00eatre \u00e0 l\u2019initiative de la cr\u00e9ation d\u2019une soci\u00e9t\u00e9 commerciale. Il aurait fallu un groupe de citoyens d\u00e9j\u00e0 organis\u00e9, qui aurait cr\u00e9\u00e9 une soci\u00e9t\u00e9 que la commune aurait rejoint. Or, il n\u2019y avait ce contexte sur le territoire.<\/li><li>La commune ne pouvait l\u00e9galement mettre \u00e0 disposition ses toitures sans publicit\u00e9 et mise en concurrence.<br\/><\/li><\/ul>\n\n\n\n<p> &#8211;\nLa ville, n\u2019ayant pas suffisamment de capacit\u00e9s d\u2019investissement pour un projet\nambitieux de massification de la production d\u2019\u00e9nergie, a d\u00e9cid\u00e9 de faire appel\n\u00e0 une soci\u00e9t\u00e9\/ investisseur priv\u00e9 qui pourrait apporter une part importante de\ncapital (en plus de l\u2019apport de la collectivit\u00e9 et des citoyens).<\/p>\n\n\n\n<p><strong>Concernant l\u2019investissement : quel taux de r\u00e9mun\u00e9ration ?\nquelle s\u00e9curit\u00e9 pour les investisseurs citoyens ? Quand les citoyens seront ils\navertis ?<\/strong><\/p>\n\n\n\n<p>Aujourd\u2019hui, personne ne peut donner de chiffres exacts, il faut attendre\nles offres des candidats \u00e0 la concession, mais l\u2019objectif est d\u2019avoir une\nr\u00e9mun\u00e9ration des parts au moins \u00e9gale au livret A.<\/p>\n\n\n\n<p>L\u2019investissement dans un projet photovolta\u00efque est\nglobalement s\u00e9curis\u00e9. La future soci\u00e9t\u00e9 va conclure un contrat de vente\nd\u2019\u00e9lectricit\u00e9 avec un fournisseur (comme EDF), et le tarif sera le m\u00eame durant\n20 ans avec une indexation sur le co\u00fbt de la vie (indice INSEE). Le mod\u00e8le\n\u00e9conomique sera r\u00e9alis\u00e9 sur 30 ans (dur\u00e9e de la concession), soit 10 ans de\nplus que la dur\u00e9e du contrat EDF. Il y a donc un risque qui est port\u00e9 par le\nConcessionnaire sur les 10 derni\u00e8res ann\u00e9es de la concession.<\/p>\n\n\n\n<p><strong>Quel flux d\u2019informations et \u00e0 quelle\nfr\u00e9quence ?<\/strong><\/p>\n\n\n\n<p>C\u2019est Audrey qui sera charg\u00e9e de partager les infos d\u00e8s qu\u2019il y aura des\navanc\u00e9es sur le projet. Pas de soucis pour partager les infos sauf celles qui\nont attrait aux march\u00e9s publics ou au secret des affaires qui resteront\nstrictement confidentielles.<\/p>\n\n\n\n<p><strong>Concernant la r\u00e9union publique du 16 octobre \u00e9voqu\u00e9e dans\nle flash info d\u2019avril 2018 : aucune autre publicit\u00e9 depuis. Est-elle maintenue\n?<\/strong><\/p>\n\n\n\n<p>Le projet n\u2019\u00e9tant pas suffisamment pr\u00e9cis encore pour le\nmoment, il a \u00e9t\u00e9 d\u00e9cid\u00e9 de reporter cette r\u00e9union. Le service communication\npr\u00e9vient la population via un affichage sur les panneaux num\u00e9riques de la ville<\/p>\n\n\n\n<p><strong>Quelles sont les r\u00e8gles de droit li\u00e9es \u00e0 la\ncommission concession ?<\/strong><\/p>\n\n\n\n<p>Cf.\nnote ci-dessous<\/p>\n\n\n\n<ul class=\"wp-block-list\"><li><strong>Divers\u00a0\u00a0\u00a0\u00a0\u00a0\u00a0\u00a0\u00a0\u00a0 <\/strong>Une formation organis\u00e9e par Energie Partag\u00e9e, EnergETHIC, Solis et Enercoop sur les \u00ab projets participatifs d\u2019\u00e9nergie renouvelable de A \u00e0 Z \u00bb aura lieu le 23 novembre \u00e0 Lille ; Elle serait int\u00e9ressante pour les membres des comit\u00e9s citoyens. Co\u00fbt : 100 \u20ac, possibilit\u00e9 de prise en charge par l\u2019organisme de formation de votre employeur. A d\u00e9faut, une aide de la ville est envisag\u00e9e (conditions restant \u00e0 d\u00e9terminer).<\/li><li>\u00a0Plus d\u2019infos et r\u00e9servation sur ce site : https:\/\/energie- partagee.org\/formation\/les-projets-participatifs-et-citoyens-denergies- renouvelables-de-a-a-z\/<\/li><\/ul>\n\n\n\n<ul class=\"wp-block-list\"><li>Organiser une visite de Luwimatts avec des t\u00e9moignages\nde citoyens ayant d\u00e9j\u00e0 mis en place des projets participatifs<\/li><\/ul>\n\n\n\n<p><strong>Commission concession\u00a0\u00a0\u00a0\u00a0\u00a0\u00a0\u00a0\u00a0\u00a0 <\/strong>Cf.\nnote ci-dessous<\/p>\n\n\n\n<p>Jean-Luc\nMATHE est candidat \u00e0 la commission concession et aux n\u00e9gociations. Il sera le\nrepr\u00e9sentant des citoyens.<\/p>\n\n\n\n<p>Il est important de nommer une personne suppl\u00e9ante : <strong>qui dans le comit\u00e9 citoyen est\u00a0<strong>volontaire ?<\/strong><\/strong><\/p>\n\n\n\n<p><strong>Blog\u00a0\u00a0\u00a0\u00a0\u00a0\u00a0\u00a0\u00a0\u00a0 <\/strong><a href=\"https:\/\/plansolaire.loos-en-gohelle.fr\/\">https:\/\/plansolaire.loos-en-gohelle.fr<\/a><\/p>\n\n\n\n<p>Cet outil r\u00e9alis\u00e9 par F\u00e9lix, stagiaire \u00e0 la ville, est mis \u00e0 disposition du comit\u00e9 citoyen pour communiquer sur le projet. La ville se charge du volet technique (publication&#8230;). Le contenu du blog peut \u00eatre aliment\u00e9 par les citoyens : <strong>qui souhaite \u00eatre r\u00e9dacteur ?<\/strong><br\/><\/p>\n\n\n\n<p><strong>Prochaine r\u00e9union <\/strong><\/p>\n\n\n\n<p>Il est pr\u00e9vu pour la prochaine r\u00e9union du comit\u00e9 citoyen d\u2019organiser une visite de Lumiwatts int\u00e9grant :<br\/><\/p>\n\n\n\n<ul class=\"wp-block-list\"><li>Une mini formation sur le solaire : contexte l\u00e9gislatif, donn\u00e9es techniques et financi\u00e8res (co\u00fbt d\u2019une installation, rentabilit\u00e9&#8230;), technologies actuelles, id\u00e9es re\u00e7ues, lieux d\u2019information (CD2E, Espace Info Energie), etc.<\/li><li>Des t\u00e9moignages d\u2019habitants ayant particip\u00e9 \u00e0 la mise en place de projets collectifs (ex : SCIC Energie Citoyenne, SAS Capsol).<br\/><\/li><\/ul>\n\n\n\n<p>Il\nest envisag\u00e9 d\u2019organiser ce temps un samedi matin.<br\/><\/p>\n","protected":false},"excerpt":{"rendered":"<p>Pr\u00e9sents : DESBOURSES Jo\u00ebl, CAVACO Manuella, SAINTIVE David, MATHE Jean-Luc, HOFFMANN Patricia, CZAIKOWSKI Bernard, OPATRNY Richard, DUVAUCHELLE Paul, Francis MARECHAL (Ville de Loos-en-Gohelle) &#8211; NYSZAK Lucas (Ville de Loos-en-Gohelle) &#8211; Audrey JUMEAUX (EnergETHIC) Excus\u00e9s : Marie-Fran\u00e7oise TEN \u2013 Pierre DAMAGEUX \u2013 Freddy ZIMMER \u2013 WARGNIES Rapha\u00ebl \u2013 DEWEZ Roger \u2013 ZARABSKI Monique D\u00e9marrage Accueil du &hellip; <a href=\"https:\/\/plansolaire.loos-en-gohelle.fr\/site\/2018\/10\/25\/compte-rendu-de-la-reunion-du-3-octobre-2018\/\" class=\"more-link\">Continuer la lecture<span class=\"screen-reader-text\"> de &laquo;&nbsp;Compte-rendu de la r\u00e9union du 3 octobre 2018&nbsp;&raquo;<\/span><\/a><\/p>\n","protected":false},"author":1,"featured_media":0,"comment_status":"closed","ping_status":"open","sticky":false,"template":"","format":"standard","meta":{"footnotes":""},"categories":[13,1],"tags":[],"class_list":["post-321","post","type-post","status-publish","format-standard","hentry","category-comptes-rendus-des-comites-citoyen","category-non-classe"],"_links":{"self":[{"href":"https:\/\/plansolaire.loos-en-gohelle.fr\/site\/wp-json\/wp\/v2\/posts\/321","targetHints":{"allow":["GET"]}}],"collection":[{"href":"https:\/\/plansolaire.loos-en-gohelle.fr\/site\/wp-json\/wp\/v2\/posts"}],"about":[{"href":"https:\/\/plansolaire.loos-en-gohelle.fr\/site\/wp-json\/wp\/v2\/types\/post"}],"author":[{"embeddable":true,"href":"https:\/\/plansolaire.loos-en-gohelle.fr\/site\/wp-json\/wp\/v2\/users\/1"}],"replies":[{"embeddable":true,"href":"https:\/\/plansolaire.loos-en-gohelle.fr\/site\/wp-json\/wp\/v2\/comments?post=321"}],"version-history":[{"count":2,"href":"https:\/\/plansolaire.loos-en-gohelle.fr\/site\/wp-json\/wp\/v2\/posts\/321\/revisions"}],"predecessor-version":[{"id":325,"href":"https:\/\/plansolaire.loos-en-gohelle.fr\/site\/wp-json\/wp\/v2\/posts\/321\/revisions\/325"}],"wp:attachment":[{"href":"https:\/\/plansolaire.loos-en-gohelle.fr\/site\/wp-json\/wp\/v2\/media?parent=321"}],"wp:term":[{"taxonomy":"category","embeddable":true,"href":"https:\/\/plansolaire.loos-en-gohelle.fr\/site\/wp-json\/wp\/v2\/categories?post=321"},{"taxonomy":"post_tag","embeddable":true,"href":"https:\/\/plansolaire.loos-en-gohelle.fr\/site\/wp-json\/wp\/v2\/tags?post=321"}],"curies":[{"name":"wp","href":"https:\/\/api.w.org\/{rel}","templated":true}]}}