{"id":310,"date":"2018-10-09T11:01:06","date_gmt":"2018-10-09T09:01:06","guid":{"rendered":"https:\/\/plansolaire.loos-en-gohelle.fr\/site\/?p=310"},"modified":"2019-04-29T18:07:08","modified_gmt":"2019-04-29T16:07:08","slug":"le-compte-rendu-de-la-reunion-du-5-septembre","status":"publish","type":"post","link":"https:\/\/plansolaire.loos-en-gohelle.fr\/site\/2018\/10\/09\/le-compte-rendu-de-la-reunion-du-5-septembre\/","title":{"rendered":"Le compte-rendu de la r\u00e9union du 5 septembre"},"content":{"rendered":"\n<p><\/p>\n\n\n\n<p><strong>Etaient\npr\u00e9sents\u00a0:<\/strong> <br\/>\nGRZEDA\nPascal et Claire, DEWEZ Roger, BRAILLY Patrice, HOFFMANN Patricia, MATHE\nJean-Luc, DEMEESTER Claudie, DURIEZ Laurence, CAVACO Manuella, DESBOURSES Jo\u00ebl,\nSAINTIVE David, DELESTREZ Bertrand, DEDOURGE Romain<br\/>\nPlusieurs personnes excus\u00e9es. <\/p>\n\n\n\n<p>Animation par Audrey JUMEAUX (Association EnergETHIC mandat\u00e9e\npour favoriser l\u2019implication citoyenne dans le plan solaire)<\/p>\n\n\n\n<p><strong>Ordre du jour\u00a0: <\/strong><\/p>\n\n\n\n<ul class=\"wp-block-list\"><li>Temps d\u2019interconnaissance<\/li><li>Rappel du projet de plan solaire et planning\npr\u00e9visionnel<\/li><li>R\u00f4le d\u2019EnergETHIC et des citoyens <\/li><\/ul>\n\n\n\n<p><strong>Accueil du groupe par Francis Mar\u00e9chal<\/strong><\/p>\n\n\n\n<p>M. Francis Mar\u00e9chal, adjoint aux travaux de la\ncommune accueille les citoyens. Il rappelle la volont\u00e9 de la commune de ne pas\nparticiper aux r\u00e9unions du Comit\u00e9 citoyen (sauf sur demande) afin de laisser\nune plus grande libert\u00e9 d\u2019action et de parole au groupe. <\/p>\n\n\n\n<p><strong>Temps d\u2019interconnaissance <\/strong><\/p>\n\n\n\n<p>Les participants sont invit\u00e9s \u00e0\nse pr\u00e9senter en indiquant leur motivation pour le projet et une qualit\u00e9\/comp\u00e9tence\nqu\u2019ils peuvent mettre au service du projet. <\/p>\n\n\n\n<p><strong>Rappel du projet par Audrey\nJUMEAUX et pr\u00e9sentation du planning pr\u00e9visionnel<\/strong><\/p>\n\n\n\n<p>Dans le cadre de son engagement\nterritoire \u00e0 \u00e9nergie positive (TEPOS), la commune de Loos-en-Gohelle souhaite\nque 100% de ses besoins \u00e9nerg\u00e9tiques soient couverts par une production locale\nd\u2019\u00e9nergies renouvelables d\u2019ici 2050. Elle s\u2019est ainsi engag\u00e9e dans un plan\nsolaire pour r\u00e9fl\u00e9chir \u00e0 la mise en place d\u2019installations photovolta\u00efques sur\nses b\u00e2timents publics dans un premier temps, puis sur des b\u00e2timents priv\u00e9s dans\nun second temps. <\/p>\n\n\n\n<p>La ville de Loos-en-Gohelle va\nmettre en place une concession\u00a0: le concessionnaire sera charg\u00e9 de\nfinancer, installer, exploiter et assurer la maintenance de panneaux\nphotovolta\u00efques sur les toits des b\u00e2timents communaux. Le concessionnaire devra\ncr\u00e9er une soci\u00e9t\u00e9 int\u00e9grant la commune et les citoyens dans le financement et\nla gouvernance.<\/p>\n\n\n\n<p>Un avis de concession a \u00e9t\u00e9 lanc\u00e9\nd\u00e9but juillet (proc\u00e9dure d\u2019appel d\u2019offres). 2 candidatures ont \u00e9t\u00e9 re\u00e7ues. Un\ncahier des charges (en cours de r\u00e9daction) va leur \u00eatre envoy\u00e9 courant\nseptembre. Apr\u00e8s remise des offres, une p\u00e9riode de n\u00e9gociation s\u2019engagera.\u00a0 Le concessionnaire sera choisi fin\n2018\/d\u00e9but 2019. Le d\u00e9but de la collecte des fonds (mobilisation de l\u2019\u00e9pargne\ncitoyenne) est envisag\u00e9 au printemps 2019.\u00a0 (le planning pr\u00e9sent\u00e9 est susceptible d\u2019\u00e9volution). <\/p>\n\n\n\n<p><strong>R\u00f4le d\u2019EnergETHIC et du comit\u00e9\ncitoyen <\/strong><\/p>\n\n\n\n<p>Le r\u00f4le propos\u00e9 au comit\u00e9 citoyen est d&rsquo;\u00eatre des ambassadeurs du\nprojet (informer, sensibiliser, communiquer, collecter). EnergETHIC, en tant\nque garant de la participation citoyenne et repr\u00e9sentant des citoyens, est\ncharg\u00e9 de la co-construction du projet aux c\u00f4t\u00e9s de la ville en faisant le\nrelai avec les citoyens. Une fois la soci\u00e9t\u00e9 cr\u00e9\u00e9e et la mission d\u2019EnergETHIC\ntermin\u00e9e, les citoyens seront directement impliqu\u00e9s dans la gouvernance. <\/p>\n\n\n\n<p>Deux autres bureaux d\u2019\u00e9tude accompagnent la ville pour monter le\nprojet\u00a0: Espelia pour les aspects juridiques et financiers, Coh\u00e9rence\nEnergies pour les aspects techniques. <\/p>\n\n\n\n<p>De nombreux \u00e9changes ont eu lieu au sein du groupe sur le r\u00f4le et la\nplace du comit\u00e9 citoyen dans le projet. Voici un relev\u00e9 de d\u00e9cisions\u00a0: <\/p>\n\n\n\n<ul class=\"wp-block-list\"><li>Le comit\u00e9 citoyen souhaite \u00eatre beaucoup plus\nimpliqu\u00e9 dans la co-construction du projet (dans son montage, et pas seulement\ndans la future soci\u00e9t\u00e9). <\/li><li>Le comit\u00e9 citoyen \u00e9voque un besoin de\nclarification concernant sa place et son r\u00f4le dans le projet, son pouvoir et\nles limites. Il souhaite \u00e9galement un \u00e9claircissement sur les circuits\nd\u2019information et de prise de d\u00e9cision. <\/li><li>Le comit\u00e9 citoyen souhaite recevoir et disposer\nd\u2019une information compl\u00e8te sur tous les aspects du projet (techniques,\njuridiques, financiers, communication&#8230;) et ses avanc\u00e9s. Id\u00e9e d\u2019une note\nr\u00e9capitulative. <\/li><li>Le comit\u00e9 citoyen souhaiterait participer aux\nr\u00e9unions de travail avec la ville et les bureaux d\u2019\u00e9tude\u00a0(ou \u00e0 d\u2019autres\ntemps\u00a0: lors des \u00e9tudes techniques par exemple). <\/li><li>Le comit\u00e9 citoyen souhaite inviter un\nrepr\u00e9sentant de la commune lors de la prochaine r\u00e9union (une personne impliqu\u00e9e\ndans le projet comme M. Mar\u00e9chal).<\/li><\/ul>\n\n\n\n<p>EnergETHIC est charg\u00e9 d\u2019interpeller la commune sur ces diff\u00e9rents\npoints. <\/p>\n\n\n\n<p><strong>Suites\u00a0\u00e0 donner : <\/strong><\/p>\n\n\n\n<ul class=\"wp-block-list\"><li>R\u00e9daction du compte-rendu par EnergETHIC,\nvalidation du contenu par le comit\u00e9 citoyen, puis envoi \u00e0 la commune par\nEnergETHIC<\/li><li>Mise en place d\u2019une r\u00e9union de travail entre\nEnergETHIC et la commune pour d\u00e9terminer le r\u00f4le pr\u00e9cis du comit\u00e9 citoyen<\/li><li>Prochaine r\u00e9union\u00a0: mercredi<strong> <\/strong>3\noctobre \u00e0 18h30 \u00e0 la mairie (salle d\u2019honneur), en pr\u00e9sence de M. Mar\u00e9chal,\nadjoint aux travaux<\/li><\/ul>\n\n\n\n<p><em><strong>Et une vid\u00e9o compl\u00e9mentaire<\/strong><\/em><\/p>\n\n\n<p><video controls=\"\" width=\"320\" height=\"240\"><source src=\"https:\/\/plansolaire.loos-en-gohelle.fr\/site\/wp-content\/uploads\/2018\/10\/re\u0301ponse-TEPOS-110918.mp4\" type=\"video\/mp4\">Your browser does not support the video tag.<\/video><\/p>","protected":false},"excerpt":{"rendered":"<p>Etaient pr\u00e9sents\u00a0: GRZEDA Pascal et Claire, DEWEZ Roger, BRAILLY Patrice, HOFFMANN Patricia, MATHE Jean-Luc, DEMEESTER Claudie, DURIEZ Laurence, CAVACO Manuella, DESBOURSES Jo\u00ebl, SAINTIVE David, DELESTREZ Bertrand, DEDOURGE Romain Plusieurs personnes excus\u00e9es. Animation par Audrey JUMEAUX (Association EnergETHIC mandat\u00e9e pour favoriser l\u2019implication citoyenne dans le plan solaire) Ordre du jour\u00a0: Temps d\u2019interconnaissance Rappel du projet de &hellip; <a href=\"https:\/\/plansolaire.loos-en-gohelle.fr\/site\/2018\/10\/09\/le-compte-rendu-de-la-reunion-du-5-septembre\/\" class=\"more-link\">Continuer la lecture<span class=\"screen-reader-text\"> de &laquo;&nbsp;Le compte-rendu de la r\u00e9union du 5 septembre&nbsp;&raquo;<\/span><\/a><\/p>\n","protected":false},"author":1,"featured_media":0,"comment_status":"closed","ping_status":"open","sticky":false,"template":"","format":"standard","meta":{"footnotes":""},"categories":[13,1],"tags":[],"class_list":["post-310","post","type-post","status-publish","format-standard","hentry","category-comptes-rendus-des-comites-citoyen","category-non-classe"],"_links":{"self":[{"href":"https:\/\/plansolaire.loos-en-gohelle.fr\/site\/wp-json\/wp\/v2\/posts\/310","targetHints":{"allow":["GET"]}}],"collection":[{"href":"https:\/\/plansolaire.loos-en-gohelle.fr\/site\/wp-json\/wp\/v2\/posts"}],"about":[{"href":"https:\/\/plansolaire.loos-en-gohelle.fr\/site\/wp-json\/wp\/v2\/types\/post"}],"author":[{"embeddable":true,"href":"https:\/\/plansolaire.loos-en-gohelle.fr\/site\/wp-json\/wp\/v2\/users\/1"}],"replies":[{"embeddable":true,"href":"https:\/\/plansolaire.loos-en-gohelle.fr\/site\/wp-json\/wp\/v2\/comments?post=310"}],"version-history":[{"count":3,"href":"https:\/\/plansolaire.loos-en-gohelle.fr\/site\/wp-json\/wp\/v2\/posts\/310\/revisions"}],"predecessor-version":[{"id":319,"href":"https:\/\/plansolaire.loos-en-gohelle.fr\/site\/wp-json\/wp\/v2\/posts\/310\/revisions\/319"}],"wp:attachment":[{"href":"https:\/\/plansolaire.loos-en-gohelle.fr\/site\/wp-json\/wp\/v2\/media?parent=310"}],"wp:term":[{"taxonomy":"category","embeddable":true,"href":"https:\/\/plansolaire.loos-en-gohelle.fr\/site\/wp-json\/wp\/v2\/categories?post=310"},{"taxonomy":"post_tag","embeddable":true,"href":"https:\/\/plansolaire.loos-en-gohelle.fr\/site\/wp-json\/wp\/v2\/tags?post=310"}],"curies":[{"name":"wp","href":"https:\/\/api.w.org\/{rel}","templated":true}]}}